{"id":37,"date":"2017-08-31T10:48:16","date_gmt":"2017-08-31T08:48:16","guid":{"rendered":"https:\/\/gale-rita.de\/?p=37"},"modified":"2018-06-23T18:24:50","modified_gmt":"2018-06-23T16:24:50","slug":"hallo","status":"publish","type":"post","link":"https:\/\/gale-rita.de\/?p=37","title":{"rendered":"Hallo!"},"content":{"rendered":"<h4><img loading=\"lazy\" decoding=\"async\" class=\"aligncenter wp-image-24 size-full\" src=\"https:\/\/gale-rita.de\/wp-content\/uploads\/2017_p\u00fc_1137.jpg\" alt=\"\" width=\"1040\" height=\"585\" srcset=\"https:\/\/gale-rita.de\/wp-content\/uploads\/2017_p\u00fc_1137.jpg 1040w, https:\/\/gale-rita.de\/wp-content\/uploads\/2017_p\u00fc_1137-300x169.jpg 300w, https:\/\/gale-rita.de\/wp-content\/uploads\/2017_p\u00fc_1137-768x432.jpg 768w, https:\/\/gale-rita.de\/wp-content\/uploads\/2017_p\u00fc_1137-1024x576.jpg 1024w, https:\/\/gale-rita.de\/wp-content\/uploads\/2017_p\u00fc_1137-508x286.jpg 508w\" sizes=\"auto, (max-width: 1040px) 100vw, 1040px\" \/><\/h4>\n<h4 style=\"text-align: center;\">Willkommen in meiner Welt der Malerei<\/h4>\n<p style=\"text-align: center;\">Schon immer hat es mir viel Spa\u00df gemacht, zu zeichnen. Als ich die Schule besuchte, war es bereits mein Lieblingsfach. Niemals h\u00e4tte ich gedacht, dass ich mich mit Pinsel und Farbe zum Ausdruck bringen k\u00f6nnte. Es ist einfach fantastisch, dass man ohne Worte das Erlebte, die Gef\u00fchle, die Fantasien und Tr\u00e4ume in einem Bild festhalten kann. Seit mittlerweile schon 6 Jahren male ich, ich bin Autodidakt.<\/p>\n<p style=\"text-align: center;\">Verschiedene Umst\u00e4nde haben geholfen zu wecken, was in mir steckt. Ein guter Freund &#8211; Kunsterzieher und selbst Maler &#8211; hat mir von Anfang an geholfen. Alles was er gesagt und getan hatte, habe ich aufgesaugt wie ein Schwamm. Ebenso den Lehrinhalt verschiedenster Kurse, an denen ich teil nahm. Seitdem male, lese und experimentiere ich mit Farbe und lerne st\u00e4ndig Neues, auch \u00fcber K\u00fcnstler, die ich fr\u00fcher nicht kannte. Es war und ist sehr sch\u00f6n, ich m\u00f6chte diese neue Welt nie wieder missen.<\/p>\n<p style=\"text-align: center;\">Bei verschiedenen Ausstellungen habe ich Liebhaber meiner Bilder gefunden. Sie k\u00f6nnen nachvollziehen, was ich in meinen Bildern mitteilen m\u00f6chte. Das wiederum gibt mir ein Gef\u00fchl der Freude, da ich andere in meinen Bann ziehen kann und ihnen eine Freude bereite.<\/p>\n<p style=\"text-align: center;\">Diese Anerkennung ermuntert mich, weiter zu machen und an meinem Malstil zu arbeiten. Alle Bilder sind in verschiedenen Lebensphasen der letzten Jahre entstanden und spiegeln auch meinen jeweiligen Gem\u00fctszustand wider.<\/p>\n<p>&nbsp;<\/p>\n<p style=\"text-align: center;\"><strong>Hinweis: Das ist eine rein private Seite!<\/strong><\/p>\n<p style=\"text-align: center;\">***<\/p>\n<p>&nbsp;<\/p>\n<h4 style=\"text-align: center;\"><strong>Benvinguts al meu m\u00f3n de la pintura.<\/strong><\/h4>\n<p style=\"text-align: center;\">De sempre m\u00b4ha agradat el dibuix. A l\u2019escola aquesta ja era la meva assignatura preferida. No hagu\u00e9s pensat mai que amb un pinzell i pintura, i sense dir paraula alguna, podria expressar com faig els meus sentiments, somnis i experi\u00e8ncies viscudes. \u00c9s fant\u00e0stic!<\/p>\n<p style=\"text-align: center;\">Degut a v\u00e0ries circumst\u00e0ncies i coses que vaig passar, tot aquest bagatge i emocions que portava dins van despertar i esclatar. Ara ja fa sis anys que pinto. S\u00f3c autodidacta. Un bon amic, professor d\u00b4art i tamb\u00e9 pintor, em va ajudar a aixecar el vol. La meva passi\u00f3 per la pintura va fer que absorb\u00eds com una esponja no nom\u00e8s tots els coneixements que ell em va transmetre, sino tamb\u00e9 els dels diversos cursos que vaig seguir. Des d\u2019aleshores, tamb\u00e9 m\u2019agrada llegir tot tipus de literatura relacionada amb l\u2019art, experimentar amb els colors i els materials.<\/p>\n<p style=\"text-align: center;\">\u00c9s tant fascinant i bonic aquest m\u00f3n en el que vaig entrar i estic, que no el voldria perdre mai. He realitzat alguna exposici\u00f3 i les meves pintures han trobat amants. Entren en el meu m\u00f3n i ens trobem all\u00e0. Em reporta immensa satisfacci\u00f3 el poder donar alegries a altres persones. Aix\u00f2 m\u2019ajuda a continuar desenvolupant el meu apassionat treball i tipus de pintura. Les pintures que es veuen aqu\u00ed son de diferents moments dels \u00faltims anys.<\/p>\n<p style=\"text-align: center;\"><strong>Esto es un sitio web solamente particular.<\/strong><\/p>\n","protected":false},"excerpt":{"rendered":"<p>Willkommen in meiner Welt der Malerei Schon immer hat es mir viel Spa\u00df gemacht, zu zeichnen. Als ich die Schule besuchte, war es bereits mein Lieblingsfach. Niemals h\u00e4tte ich gedacht, dass ich mich mit Pinsel und Farbe zum Ausdruck bringen k\u00f6nnte. Es ist einfach fantastisch, dass man ohne Worte das Erlebte, die Gef\u00fchle, die Fantasien [&hellip;]<\/p>\n","protected":false},"author":2,"featured_media":0,"comment_status":"closed","ping_status":"closed","sticky":false,"template":"","format":"standard","meta":{"footnotes":""},"categories":[6,1,5,3],"tags":[],"class_list":["post-37","post","type-post","status-publish","format-standard","hentry","category-a","category-allgemein","category-u","category-v"],"_links":{"self":[{"href":"https:\/\/gale-rita.de\/index.php?rest_route=\/wp\/v2\/posts\/37","targetHints":{"allow":["GET"]}}],"collection":[{"href":"https:\/\/gale-rita.de\/index.php?rest_route=\/wp\/v2\/posts"}],"about":[{"href":"https:\/\/gale-rita.de\/index.php?rest_route=\/wp\/v2\/types\/post"}],"author":[{"embeddable":true,"href":"https:\/\/gale-rita.de\/index.php?rest_route=\/wp\/v2\/users\/2"}],"replies":[{"embeddable":true,"href":"https:\/\/gale-rita.de\/index.php?rest_route=%2Fwp%2Fv2%2Fcomments&post=37"}],"version-history":[{"count":14,"href":"https:\/\/gale-rita.de\/index.php?rest_route=\/wp\/v2\/posts\/37\/revisions"}],"predecessor-version":[{"id":1127,"href":"https:\/\/gale-rita.de\/index.php?rest_route=\/wp\/v2\/posts\/37\/revisions\/1127"}],"wp:attachment":[{"href":"https:\/\/gale-rita.de\/index.php?rest_route=%2Fwp%2Fv2%2Fmedia&parent=37"}],"wp:term":[{"taxonomy":"category","embeddable":true,"href":"https:\/\/gale-rita.de\/index.php?rest_route=%2Fwp%2Fv2%2Fcategories&post=37"},{"taxonomy":"post_tag","embeddable":true,"href":"https:\/\/gale-rita.de\/index.php?rest_route=%2Fwp%2Fv2%2Ftags&post=37"}],"curies":[{"name":"wp","href":"https:\/\/api.w.org\/{rel}","templated":true}]}}